{"id":8320,"date":"2026-03-13T20:50:36","date_gmt":"2026-03-13T19:50:36","guid":{"rendered":"https:\/\/www.geb-schulen-vs.de\/?p=8320"},"modified":"2026-03-13T20:50:52","modified_gmt":"2026-03-13T19:50:52","slug":"zurueck-auf-null","status":"publish","type":"post","link":"https:\/\/www.geb-schulen-vs.de\/?p=8320","title":{"rendered":"Zur\u00fcck auf Null !"},"content":{"rendered":"<p>Was bringt uns das kommende Recht auf Ganztag, wenn Eltern dies nach dem Willen des st\u00e4dtischen Gemeinderates bezahlen sollen ??<\/p>\n<p>In Villingen-Schwenningen gibt es momentan f\u00fcnf Grundschulen, welche den offenen Ganztag anbieten. Dies bedeutet, dass sich die Sch\u00fcler und Sch\u00fclerinnen auch am Nachmittag in der Schule aufhalten. Die Schule legt dabei fest, ob es zum Beispiel ein besonderes Bildungsangebot gibt oder eine Hausaufgabenhilfe oder &#8230;&#8230; Kurzum, ein tolles Angebot welches viele berufst\u00e4tige Eltern gern in Anspruch nehmen.<\/p>\n<p>Da nun die Stadt Villingen-Schwenningen f\u00fcr ihren Haushalt Geld ben\u00f6tigt, ist man zu der tollen Idee gekommen, vom Ganztag zur\u00fcckzutreten und nach der Richtlinie des Landes eine Betreuung anzubieten. Aber was bedeutet das ???<\/p>\n<p>Es bedeutet, dass die Stadt &#8222;Module&#8220; einrichten will, welche vom Land, Stadt und Eltern zu bezahlen sind. Es bedeutet nichts anderes als die R\u00fcckkehr zu der &#8222;damaligen&#8220; Betreuung (Hort). Dies aber ganz in der Hoheit der Stadt! Ob und in welchen Massen es eine Absprache mit den Schulleitungen gibt, ist fraglich.<\/p>\n<p>Kosten? Bei einer mittleren Ausnutzung gehen wir momentan von ca. 70 Euro pro Kind und Monat aus. Dies summiert sich dann auf ca. 850 Euro im Jahr. Aber dabei wird es nicht bleiben! NEIN ! Im letzten Jahr wurde vom Gemeinderat ja auch eine Erh\u00f6hung der Preise in der Schulspeisung beschlossen. Und Schule am Vormittag und Betreuung am Nachmittag beinhaltet nun mal auch ein Mittagessen. So gehen wir von Kosten \u00fcber 1000 Euro aus, welche auf die Eltern zukommen!<\/p>\n<p>Was Schulleiter dar\u00fcber denken findet man im Schwarzw\u00e4lder Boten vom 14.03.2026, welchen wir hier verlinken.<\/p>\n<p><a href=\"https:\/\/www.schwarzwaelder-bote.de\/inhalt.bildung-in-vs-wird-schule-zum-reinen-aufbewahrungsort.951757c4-9072-4883-9b9b-727b06baf6f3.html\" target=\"_blank\" rel=\"noopener\">zum Schwarzw\u00e4lder Boten<\/a>. (Aus rechtlichen Gr\u00fcnden k\u00f6nnen wir nur den Link anbieten und d\u00fcrfen ihn leider hier nicht einstellen.)<\/p>\n<div id=\"wp_fb_like_button\" style=\"margin:5px 0;float:none;height:100px;\"><script src=\"http:\/\/connect.facebook.net\/en_US\/all.js#xfbml=1\"><\/script><fb:like href=\"https:\/\/www.geb-schulen-vs.de\/?p=8320\" send=\"false\" layout=\"standard\" width=\"850\" show_faces=\"true\" font=\"arial\" action=\"like\" colorscheme=\"light\"><\/fb:like><\/div><a class=\"synved-social-button synved-social-button-share synved-social-size-48 synved-social-resolution-single synved-social-provider-mail nolightbox\" data-provider=\"mail\" rel=\"nofollow\" title=\"Share by email\" href=\"mailto:?subject=Zur%C3%BCck%20auf%20Null%20%21&#038;body=Folge%20dem%20Link%20des%20GEB%20der%20st\u00e4dt.%20Schulen%20Villingen-Schwenningen:%20%20%20%20https%3A%2F%2Fwww.geb-schulen-vs.de%2Findex.php%3Frest_route%3D%252Fwp%252Fv2%252Fposts%252F8320\" style=\"font-size: 0px;width:48px;height:48px;margin:0;margin-bottom:5px\"><img loading=\"lazy\" decoding=\"async\" alt=\"mail\" title=\"Share by email\" class=\"synved-share-image synved-social-image synved-social-image-share\" width=\"48\" height=\"48\" style=\"display: inline;width:48px;height:48px;margin: 0;padding: 0;border: none;box-shadow: none\" src=\"https:\/\/www.geb-schulen-vs.de\/wordpress\/wp-content\/plugins\/social-media-feather\/synved-social\/image\/social\/regular\/96x96\/mail.png\" \/><\/a>","protected":false},"excerpt":{"rendered":"<p>Was bringt uns das kommende Recht auf Ganztag, wenn Eltern dies nach dem Willen des st\u00e4dtischen Gemeinderates bezahlen sollen ?? In Villingen-Schwenningen gibt es momentan f\u00fcnf Grundschulen, welche den offenen Ganztag anbieten. Dies bedeutet, dass sich die Sch\u00fcler und Sch\u00fclerinnen &hellip; <\/p>\n","protected":false},"author":257,"featured_media":0,"comment_status":"closed","ping_status":"open","sticky":false,"template":"","format":"standard","meta":{"footnotes":""},"categories":[1],"tags":[],"class_list":["post-8320","post","type-post","status-publish","format-standard","hentry","category-allgemein"],"_links":{"self":[{"href":"https:\/\/www.geb-schulen-vs.de\/index.php?rest_route=\/wp\/v2\/posts\/8320","targetHints":{"allow":["GET"]}}],"collection":[{"href":"https:\/\/www.geb-schulen-vs.de\/index.php?rest_route=\/wp\/v2\/posts"}],"about":[{"href":"https:\/\/www.geb-schulen-vs.de\/index.php?rest_route=\/wp\/v2\/types\/post"}],"author":[{"embeddable":true,"href":"https:\/\/www.geb-schulen-vs.de\/index.php?rest_route=\/wp\/v2\/users\/257"}],"replies":[{"embeddable":true,"href":"https:\/\/www.geb-schulen-vs.de\/index.php?rest_route=%2Fwp%2Fv2%2Fcomments&post=8320"}],"version-history":[{"count":1,"href":"https:\/\/www.geb-schulen-vs.de\/index.php?rest_route=\/wp\/v2\/posts\/8320\/revisions"}],"predecessor-version":[{"id":8321,"href":"https:\/\/www.geb-schulen-vs.de\/index.php?rest_route=\/wp\/v2\/posts\/8320\/revisions\/8321"}],"wp:attachment":[{"href":"https:\/\/www.geb-schulen-vs.de\/index.php?rest_route=%2Fwp%2Fv2%2Fmedia&parent=8320"}],"wp:term":[{"taxonomy":"category","embeddable":true,"href":"https:\/\/www.geb-schulen-vs.de\/index.php?rest_route=%2Fwp%2Fv2%2Fcategories&post=8320"},{"taxonomy":"post_tag","embeddable":true,"href":"https:\/\/www.geb-schulen-vs.de\/index.php?rest_route=%2Fwp%2Fv2%2Ftags&post=8320"}],"curies":[{"name":"wp","href":"https:\/\/api.w.org\/{rel}","templated":true}]}}